{"id":297,"date":"2017-03-13T21:00:51","date_gmt":"2017-03-13T20:00:51","guid":{"rendered":"http:\/\/www.kebo.cz\/?p=297"},"modified":"2017-03-14T14:06:41","modified_gmt":"2017-03-14T13:06:41","slug":"strategie-a-priority","status":"publish","type":"post","link":"https:\/\/www.kebo.cz\/?p=297","title":{"rendered":"STRATEGIE A PRIORITY"},"content":{"rendered":"<p style=\"text-align: justify;\">V oblasti person\u00e1ln\u00ed politiky se budu sna\u017eit o to, aby byli pracovn\u00edci motivov\u00e1ni pod\u00e1vat kvalitn\u00ed v\u00fdkony, co\u017e mohou jen tehdy, kdy je napln\u011bna pot\u0159eba pocitu jistoty a soun\u00e1le\u017eitosti s\u00a0univerzitou a jej\u00edmi pracovi\u0161ti. Budu se sna\u017eit a ud\u011bl\u00e1m maximum pro to, aby garanti obor\u016f a v\u00fdznamn\u00e9 osobnosti univerzity dost\u00e1vali pracovn\u00ed smlouvu na dobu neur\u010ditou, aby se neopakovala situace, kter\u00e1 se odehr\u00e1la nap\u0159. na HGF, kdy byli garanti odejiti a \u0159ada obor\u016f tak z\u016fstala bez adekv\u00e1tn\u00edho garanta nebo v nejhor\u0161\u00edm p\u0159\u00edpad\u011b obor zanikl.<\/p>\n<p style=\"text-align: justify;\">Jsem p\u0159esv\u011bd\u010den, \u017ee jak v oblasti VaV, tak i vzd\u011bl\u00e1v\u00e1n\u00ed je nezbytn\u00e9 vyu\u017e\u00edt nov\u00e9 p\u0159\u00edle\u017eitosti ke zlep\u0161en\u00ed na\u0161\u00ed \u010dinnosti, ne v\u0161e zm\u016f\u017eeme sami a student\u016fm je nepochybn\u011b pot\u0159eba d\u00e1t i ten pohled zven\u010d\u00ed, pohled skute\u010dn\u00fdch odborn\u00edk\u016f z\u00a0praxe. Proto a d\u00edky kontakt\u016fm na spoustu takov\u00fdchto lid\u00ed, budu usilovat o jejich aktivn\u011bj\u0161\u00ed zapojen\u00ed do \u017eivota univerzity.<\/p>\n<p><span style=\"color: #ffffff;\">.<\/span><\/p>\n<h3><strong>Strategick\u00e9 priority 2017 a\u017e 2021<\/strong><\/h3>\n<p>&nbsp;<\/p>\n<ul>\n<li>Akreditace a reakreditace studijn\u00edch obor\u016f v \u010desk\u00e9m a anglick\u00e9m jazyce<\/li>\n<li>Zkvalitn\u011bn\u00ed akademick\u00e9ho sboru univerzity<\/li>\n<li>Intenzivn\u011bj\u0161\u00ed vyu\u017e\u00edv\u00e1n\u00ed odborn\u00edk\u016f z praxe ve vzd\u011bl\u00e1v\u00e1n\u00ed, v\u00fdzkumu a v\u00fdvoji<\/li>\n<li>Spolupr\u00e1ce s pr\u016fmyslem a podpora zak\u00e1zek s odb\u011bratelskou sf\u00e9rou<\/li>\n<li>Podpora v\u00edcezdrojov\u00e9ho financov\u00e1n\u00ed aktivit fakult a V\u0160 \u00fastav\u016f<\/li>\n<li>Internacionalizace \u2013 podpora mobilit a zahrani\u010dn\u00edch pobyt\u016f student\u016f i pedagog\u016f<\/li>\n<\/ul>\n<p><span style=\"color: #ffffff;\">.<\/span><\/p>\n<h3><strong>D\u00edl\u010d\u00ed priority a opat\u0159en\u00ed<\/strong><\/h3>\n<ul>\n<li>Podpora talentu a talent\u016f<\/li>\n<li>Partnersk\u00e9 vztahy fakult a pracovi\u0161\u0165, akademik\u016f a student\u016f<\/li>\n<li>Odstran\u011bn\u00ed duplicit \u010di p\u0159ekryv\u016f v obsahu studijn\u00edch program\u016f nap\u0159\u00ed\u010d univerzitou<\/li>\n<li>Podpora mlad\u00fdch akademick\u00fdch pracovn\u00edk\u016f a \u017een ve VaV<\/li>\n<li>Transparentn\u00ed propojen\u00ed kompetenc\u00ed a odpov\u011bdnosti za dosa\u017een\u00e9 v\u00fdsledky<\/li>\n<li>Zm\u011bna ve prosp\u011bch vyu\u017eit\u00ed v\u00fdnos\u016f a dal\u0161\u00edch prost\u0159edk\u016f univerzity k motivaci kvalitn\u00edch v\u00fdkon\u016f pracovn\u00edk\u016f<\/li>\n<li>Sn\u00ed\u017een\u00ed administrativn\u00edch n\u00e1rok\u016f kladen\u00fdch na zam\u011bstnance<\/li>\n<\/ul>\n<p><span style=\"color: #ffffff;\">\u00a0<\/span><\/p>\n<p style=\"text-align: justify;\">Na\u0161\u00edm spole\u010dn\u00fdm c\u00edlem jsou spokojen\u00ed studenti a absolventi s vysokou uplatnitelnost\u00ed na trhu pr\u00e1ce, spokojen\u00ed zam\u011bstnavatel\u00e9 a prosperita \u0161koly, tvo\u0159en\u00e1 v\u00fdkony a v\u00fdsledky kolektiv\u016f fakult, odborn\u00fdch VaV pracovi\u0161\u0165 a laborato\u0159\u00ed. Vyu\u017eijme glob\u00e1ln\u00ed v\u00fdzvy \u201eSpole\u010dnosti 4.0\u201c, od syst\u00e9mov\u00fdch zm\u011bn p\u0159in\u00e1\u0161en\u00fdch celosv\u011btovou iniciativou pr\u016fmyslu &#8211; I4.0, rozvojem informa\u010dn\u00edch a komunika\u010dn\u00edch technologi\u00ed s reflex\u00ed v Internetu v\u011bc\u00ed (IoT) a\u017e po udr\u017eiteln\u00fd rozvoj \u010cesk\u00e9 republiky a na\u0161eho \u017eivotn\u00edho prost\u0159ed\u00ed.<\/p>\n","protected":false},"excerpt":{"rendered":"<p>V oblasti person\u00e1ln\u00ed politiky se budu sna\u017eit o to, aby byli pracovn\u00edci motivov\u00e1ni pod\u00e1vat kvalitn\u00ed v\u00fdkony, co\u017e mohou jen tehdy, kdy je napln\u011bna pot\u0159eba pocitu jistoty a soun\u00e1le\u017eitosti s\u00a0univerzitou a jej\u00edmi pracovi\u0161ti. Budu se sna\u017eit a ud\u011bl\u00e1m maximum pro to, aby garanti obor\u016f a v\u00fdznamn\u00e9 osobnosti univerzity dost\u00e1vali pracovn\u00ed smlouvu na dobu neur\u010ditou, aby se [&hellip;]<\/p>\n","protected":false},"author":1,"featured_media":315,"comment_status":"closed","ping_status":"closed","sticky":false,"template":"","format":"standard","meta":[],"categories":[12],"tags":[],"_links":{"self":[{"href":"https:\/\/www.kebo.cz\/index.php?rest_route=\/wp\/v2\/posts\/297"}],"collection":[{"href":"https:\/\/www.kebo.cz\/index.php?rest_route=\/wp\/v2\/posts"}],"about":[{"href":"https:\/\/www.kebo.cz\/index.php?rest_route=\/wp\/v2\/types\/post"}],"author":[{"embeddable":true,"href":"https:\/\/www.kebo.cz\/index.php?rest_route=\/wp\/v2\/users\/1"}],"replies":[{"embeddable":true,"href":"https:\/\/www.kebo.cz\/index.php?rest_route=%2Fwp%2Fv2%2Fcomments&post=297"}],"version-history":[{"count":19,"href":"https:\/\/www.kebo.cz\/index.php?rest_route=\/wp\/v2\/posts\/297\/revisions"}],"predecessor-version":[{"id":441,"href":"https:\/\/www.kebo.cz\/index.php?rest_route=\/wp\/v2\/posts\/297\/revisions\/441"}],"wp:featuredmedia":[{"embeddable":true,"href":"https:\/\/www.kebo.cz\/index.php?rest_route=\/wp\/v2\/media\/315"}],"wp:attachment":[{"href":"https:\/\/www.kebo.cz\/index.php?rest_route=%2Fwp%2Fv2%2Fmedia&parent=297"}],"wp:term":[{"taxonomy":"category","embeddable":true,"href":"https:\/\/www.kebo.cz\/index.php?rest_route=%2Fwp%2Fv2%2Fcategories&post=297"},{"taxonomy":"post_tag","embeddable":true,"href":"https:\/\/www.kebo.cz\/index.php?rest_route=%2Fwp%2Fv2%2Ftags&post=297"}],"curies":[{"name":"wp","href":"https:\/\/api.w.org\/{rel}","templated":true}]}}